{"id":380,"date":"2015-12-04T21:10:52","date_gmt":"2015-12-04T20:10:52","guid":{"rendered":"http:\/\/eclisseetbrindille.fr\/?p=380"},"modified":"2016-07-07T20:23:09","modified_gmt":"2016-07-07T19:23:09","slug":"7-eme-edition-de-la-fete-du-bois-a-francheville-le-12-juin-2016","status":"publish","type":"post","link":"https:\/\/eclisseetbrindille.fr\/index.php\/2015\/12\/04\/7-eme-edition-de-la-fete-du-bois-a-francheville-le-12-juin-2016\/","title":{"rendered":"&#8211; 7 \u00e8me \u00e9dition de la F\u00eate du Bois \u00e0 Francheville le 12 juin 2016"},"content":{"rendered":"<p>J&rsquo;\u00e9tais \u00e0 la 7 \u00e8me \u00e9dition de la F\u00eate du Bois \u00e0 Francheville le 12 juin 2016 de 10h \u00e0 18h<\/p>\n<p style=\"text-align: center;\"><a href=\"http:\/\/feteduboisfrancheville.com\/\"><img loading=\"lazy\" decoding=\"async\" class=\"aligncenter wp-image-383 size-full\" src=\"http:\/\/eclisseetbrindille.fr\/wp-content\/uploads\/2015\/12\/Logo.jpg\" alt=\"Logo\" width=\"274\" height=\"184\" \/><\/a><\/p>\n","protected":false},"excerpt":{"rendered":"<p>J&rsquo;\u00e9tais \u00e0 la 7 \u00e8me \u00e9dition de la F\u00eate du Bois \u00e0 Francheville le 12 juin 2016 de 10h \u00e0 18h<\/p>\n","protected":false},"author":1,"featured_media":0,"comment_status":"open","ping_status":"open","sticky":false,"template":"","format":"standard","meta":{"footnotes":""},"categories":[1],"tags":[],"class_list":["post-380","post","type-post","status-publish","format-standard","hentry","category-non-classe"],"_links":{"self":[{"href":"https:\/\/eclisseetbrindille.fr\/index.php\/wp-json\/wp\/v2\/posts\/380","targetHints":{"allow":["GET"]}}],"collection":[{"href":"https:\/\/eclisseetbrindille.fr\/index.php\/wp-json\/wp\/v2\/posts"}],"about":[{"href":"https:\/\/eclisseetbrindille.fr\/index.php\/wp-json\/wp\/v2\/types\/post"}],"author":[{"embeddable":true,"href":"https:\/\/eclisseetbrindille.fr\/index.php\/wp-json\/wp\/v2\/users\/1"}],"replies":[{"embeddable":true,"href":"https:\/\/eclisseetbrindille.fr\/index.php\/wp-json\/wp\/v2\/comments?post=380"}],"version-history":[{"count":7,"href":"https:\/\/eclisseetbrindille.fr\/index.php\/wp-json\/wp\/v2\/posts\/380\/revisions"}],"predecessor-version":[{"id":539,"href":"https:\/\/eclisseetbrindille.fr\/index.php\/wp-json\/wp\/v2\/posts\/380\/revisions\/539"}],"wp:attachment":[{"href":"https:\/\/eclisseetbrindille.fr\/index.php\/wp-json\/wp\/v2\/media?parent=380"}],"wp:term":[{"taxonomy":"category","embeddable":true,"href":"https:\/\/eclisseetbrindille.fr\/index.php\/wp-json\/wp\/v2\/categories?post=380"},{"taxonomy":"post_tag","embeddable":true,"href":"https:\/\/eclisseetbrindille.fr\/index.php\/wp-json\/wp\/v2\/tags?post=380"}],"curies":[{"name":"wp","href":"https:\/\/api.w.org\/{rel}","templated":true}]}}